{"id":7503,"date":"2026-09-04T10:29:24","date_gmt":"2026-09-04T13:29:24","guid":{"rendered":"https:\/\/baldim.mg.gov.br\/wsite\/?p=7503"},"modified":"2026-09-04T10:40:32","modified_gmt":"2026-09-04T13:40:32","slug":"saude-em-numeros-agosto-2026","status":"publish","type":"post","link":"https:\/\/baldim.mg.gov.br\/wsite\/?p=7503","title":{"rendered":"Sa\u00fade em N\u00fameros &#8211; Agosto\/2026"},"content":{"rendered":"\t\t<div data-elementor-type=\"wp-post\" data-elementor-id=\"7503\" class=\"elementor elementor-7503\" data-elementor-settings=\"[]\">\n\t\t\t\t\t\t\t<div class=\"elementor-section-wrap\">\n\t\t\t\t\t\t\t<section class=\"elementor-section elementor-top-section elementor-element elementor-element-fffe528 elementor-section-boxed elementor-section-height-default elementor-section-height-default wpr-particle-no wpr-jarallax-no wpr-parallax-no wpr-sticky-section-no\" data-id=\"fffe528\" data-element_type=\"section\">\n\t\t\t\t\t\t<div class=\"elementor-container elementor-column-gap-default\">\n\t\t\t\t\t<div class=\"elementor-column elementor-col-100 elementor-top-column elementor-element elementor-element-bda2d65\" data-id=\"bda2d65\" data-element_type=\"column\">\n\t\t\t<div class=\"elementor-widget-wrap elementor-element-populated\">\n\t\t\t\t\t\t\t\t<div class=\"elementor-element elementor-element-9dc2e13 elementor-widget elementor-widget-text-editor\" data-id=\"9dc2e13\" data-element_type=\"widget\" data-widget_type=\"text-editor.default\">\n\t\t\t\t<div class=\"elementor-widget-container\">\n\t\t\t<style>\/*! elementor - v3.5.4 - 23-01-2022 *\/\n.elementor-widget-text-editor.elementor-drop-cap-view-stacked .elementor-drop-cap{background-color:#818a91;color:#fff}.elementor-widget-text-editor.elementor-drop-cap-view-framed .elementor-drop-cap{color:#818a91;border:3px solid;background-color:transparent}.elementor-widget-text-editor:not(.elementor-drop-cap-view-default) .elementor-drop-cap{margin-top:8px}.elementor-widget-text-editor:not(.elementor-drop-cap-view-default) .elementor-drop-cap-letter{width:1em;height:1em}.elementor-widget-text-editor .elementor-drop-cap{float:left;text-align:center;line-height:1;font-size:50px}.elementor-widget-text-editor .elementor-drop-cap-letter{display:inline-block}<\/style>\t\t\t\t<p class=\"PDq2pG_selectionAnchorContainer\" data-start=\"984\" data-end=\"1164\">A Prefeitura de Baldim, por meio da Secretaria Municipal de Sa\u00fade, apresenta o balan\u00e7o dos atendimentos realizados pela Rede Municipal de Sa\u00fade durante o m\u00eas de <strong data-start=\"1145\" data-end=\"1163\">agosto de 2026<\/strong>.<\/p><p data-start=\"1166\" data-end=\"1353\">Os n\u00fameros refor\u00e7am o trabalho cont\u00ednuo das equipes de sa\u00fade na oferta de atendimento, acompanhamento e assist\u00eancia \u00e0 popula\u00e7\u00e3o, fortalecendo os servi\u00e7os em diferentes \u00e1reas do munic\u00edpio.<\/p><h3 data-section-id=\"gb62z6\" data-start=\"1355\" data-end=\"1398\"><span role=\"text\"><strong data-start=\"1359\" data-end=\"1398\">Atendimento m\u00e9dico e especialidades<\/strong><\/span><\/h3><p data-start=\"1400\" data-end=\"1502\">Durante o m\u00eas, foram realizados <strong data-start=\"1432\" data-end=\"1501\">1.107 atendimentos m\u00e9dicos pela Estrat\u00e9gia Sa\u00fade da Fam\u00edlia (ESF)<\/strong>.<\/p><p data-start=\"1504\" data-end=\"1555\">Entre as especialidades m\u00e9dicas, foram registrados:<\/p><ul data-start=\"1557\" data-end=\"1876\"><li data-section-id=\"h4bosj\" data-start=\"1557\" data-end=\"1586\">Pediatria: 11 atendimentos;<\/li><li data-section-id=\"17ykh3y\" data-start=\"1587\" data-end=\"1617\">Neurologia: 50 atendimentos;<\/li><li data-section-id=\"frxrmj\" data-start=\"1618\" data-end=\"1649\">Psiquiatria: 25 atendimentos;<\/li><li data-section-id=\"8ezu18\" data-start=\"1650\" data-end=\"1681\">Cardiologia: 42 atendimentos;<\/li><li data-section-id=\"1kdoa46\" data-start=\"1682\" data-end=\"1712\">Angiologia: 33 atendimentos;<\/li><li data-section-id=\"1au89y\" data-start=\"1713\" data-end=\"1747\">Endocrinologia: 25 atendimentos;<\/li><li data-section-id=\"uqve5b\" data-start=\"1748\" data-end=\"1780\">Dermatologia: 30 atendimentos;<\/li><li data-section-id=\"oe7th7\" data-start=\"1781\" data-end=\"1812\">Ginecologia: 28 atendimentos;<\/li><li data-section-id=\"e0p5za\" data-start=\"1813\" data-end=\"1847\">Fonoaudiologia: 55 atendimentos;<\/li><li data-section-id=\"eg9mnb\" data-start=\"1848\" data-end=\"1876\">Urologia: 20 atendimentos.<\/li><\/ul><p data-start=\"1878\" data-end=\"2053\">Na \u00e1rea dos demais atendimentos da Rede Municipal, foram registrados <strong data-start=\"1947\" data-end=\"2052\">97 atendimentos de Nutri\u00e7\u00e3o, 135 de Psicologia, 604 de Odontologia e 1.253 atendimentos de Enfermagem<\/strong>.<\/p><h3 data-section-id=\"1gx95vl\" data-start=\"2055\" data-end=\"2079\"><span role=\"text\"><strong data-start=\"2059\" data-end=\"2079\">Agentes de Sa\u00fade<\/strong><\/span><\/h3><p data-start=\"2081\" data-end=\"2252\">Os Agentes Comunit\u00e1rios de Sa\u00fade realizaram <strong data-start=\"2125\" data-end=\"2147\">3.423 atendimentos<\/strong>, contribuindo para o acompanhamento das fam\u00edlias e para a promo\u00e7\u00e3o da sa\u00fade diretamente nas comunidades.<\/p><h3 data-section-id=\"jitzxx\" data-start=\"2254\" data-end=\"2287\"><span role=\"text\"><strong data-start=\"2258\" data-end=\"2287\">Pronto Atendimento M\u00e9dico<\/strong><\/span><\/h3><p data-start=\"2289\" data-end=\"2327\">O Pronto Atendimento M\u00e9dico registrou:<\/p><ul data-start=\"2329\" data-end=\"2398\"><li data-section-id=\"1ielddq\" data-start=\"2329\" data-end=\"2362\"><strong data-start=\"2331\" data-end=\"2361\">1.106 atendimentos diurnos<\/strong>;<\/li><li data-section-id=\"dk4xxe\" data-start=\"2363\" data-end=\"2398\"><strong data-start=\"2365\" data-end=\"2397\">261 atendimentos em plant\u00f5es<\/strong>.<\/li><\/ul><h3 data-section-id=\"1l8w072\" data-start=\"2400\" data-end=\"2441\"><span role=\"text\"><strong data-start=\"2404\" data-end=\"2441\">Assist\u00eancia farmac\u00eautica e exames<\/strong><\/span><\/h3><p data-start=\"2443\" data-end=\"2589\">Na Assist\u00eancia Farmac\u00eautica, foram distribu\u00eddos <strong data-start=\"2491\" data-end=\"2530\">212.760 comprimidos de medicamentos<\/strong>, al\u00e9m de <strong data-start=\"2540\" data-end=\"2588\">8.444 unidades de medicamentos de alto custo<\/strong>.<\/p><p data-start=\"2591\" data-end=\"2655\">O Laborat\u00f3rio Municipal realizou <strong data-start=\"2624\" data-end=\"2654\">3.994 exames laboratoriais<\/strong>.<\/p><p data-start=\"2657\" data-end=\"2749\">J\u00e1 pela Regula\u00e7\u00e3o, foram registrados <strong data-start=\"2694\" data-end=\"2718\">290 exames de imagem<\/strong> e <strong data-start=\"2721\" data-end=\"2748\">70 exames de alto custo<\/strong>.<\/p><p data-start=\"2751\" data-end=\"2875\">Tamb\u00e9m foram realizados <strong data-start=\"2775\" data-end=\"2808\">40 exames de ultrassonografia<\/strong> e registrados <strong data-start=\"2823\" data-end=\"2874\">389 atendimentos de Assist\u00eancia Social da Sa\u00fade<\/strong>.<\/p><h3 data-section-id=\"1ks88j2\" data-start=\"2877\" data-end=\"2924\"><span role=\"text\"><strong data-start=\"2881\" data-end=\"2924\">Encaminhamentos, cirurgias e transporte<\/strong><\/span><\/h3><p data-start=\"2926\" data-end=\"3082\">Durante agosto, foram realizados <strong data-start=\"2959\" data-end=\"2993\">88 encaminhamentos de urg\u00eancia<\/strong>, <strong data-start=\"2995\" data-end=\"3026\">43 procedimentos cir\u00fargicos<\/strong> e <strong data-start=\"3029\" data-end=\"3081\">922 transportes de pacientes para outras cidades<\/strong>.<\/p><h3 data-section-id=\"1ha60cd\" data-start=\"3084\" data-end=\"3111\"><span role=\"text\"><strong data-start=\"3088\" data-end=\"3111\">Vigil\u00e2ncia em Sa\u00fade<\/strong><\/span><\/h3><p data-start=\"3113\" data-end=\"3195\">As a\u00e7\u00f5es de Vigil\u00e2ncia em Sa\u00fade tamb\u00e9m tiveram atua\u00e7\u00e3o expressiva no per\u00edodo, com:<\/p><ul data-start=\"3197\" data-end=\"3317\"><li data-section-id=\"1ehqomw\" data-start=\"3197\" data-end=\"3225\">12 testes de leishmaniose;<\/li><li data-section-id=\"5l7vi\" data-start=\"3226\" data-end=\"3255\">2.689 visitas domiciliares;<\/li><li data-section-id=\"1hcippw\" data-start=\"3256\" data-end=\"3282\">80 exames laboratoriais;<\/li><li data-section-id=\"139pnr5\" data-start=\"3283\" data-end=\"3317\">3.420 a\u00e7\u00f5es de tratamento focal.<\/li><\/ul><p data-start=\"3319\" data-end=\"3462\">Os resultados refletem o empenho dos profissionais da sa\u00fade e o trabalho realizado diariamente para garantir assist\u00eancia \u00e0 popula\u00e7\u00e3o de Baldim.<\/p><p data-start=\"3464\" data-end=\"3656\">A Administra\u00e7\u00e3o Municipal segue trabalhando para fortalecer a Rede Municipal de Sa\u00fade, ampliar os servi\u00e7os e oferecer um atendimento cada vez mais eficiente, humanizado e pr\u00f3ximo dos cidad\u00e3os.<\/p><p data-start=\"3658\" data-end=\"3708\" data-is-last-node=\"\" data-is-only-node=\"\"><strong data-start=\"3658\" data-end=\"3708\" data-is-last-node=\"\">Prefeitura de Baldim \u2013 Onde o Futuro Acontece.<\/strong><\/p>\t\t\t\t\t\t<\/div>\n\t\t\t\t<\/div>\n\t\t\t\t<div class=\"elementor-element elementor-element-39cfb48 elementor-widget elementor-widget-image\" data-id=\"39cfb48\" data-element_type=\"widget\" data-widget_type=\"image.default\">\n\t\t\t\t<div class=\"elementor-widget-container\">\n\t\t\t<style>\/*! elementor - v3.5.4 - 23-01-2022 *\/\n.elementor-widget-image{text-align:center}.elementor-widget-image a{display:inline-block}.elementor-widget-image a img[src$=\".svg\"]{width:48px}.elementor-widget-image img{vertical-align:middle;display:inline-block}<\/style>\t\t\t\t\t\t\t\t\t\t\t\t<img loading=\"lazy\" decoding=\"async\" width=\"604\" height=\"755\" src=\"https:\/\/baldim.mg.gov.br\/wsite\/wp-content\/uploads\/2026\/09\/agostro-819x1024.png\" class=\"attachment-large size-large\" alt=\"\" srcset=\"https:\/\/baldim.mg.gov.br\/wsite\/wp-content\/uploads\/2026\/09\/agostro-819x1024.png 819w, https:\/\/baldim.mg.gov.br\/wsite\/wp-content\/uploads\/2026\/09\/agostro-240x300.png 240w, https:\/\/baldim.mg.gov.br\/wsite\/wp-content\/uploads\/2026\/09\/agostro-768x960.png 768w, https:\/\/baldim.mg.gov.br\/wsite\/wp-content\/uploads\/2026\/09\/agostro-1229x1536.png 1229w, https:\/\/baldim.mg.gov.br\/wsite\/wp-content\/uploads\/2026\/09\/agostro-1638x2048.png 1638w, https:\/\/baldim.mg.gov.br\/wsite\/wp-content\/uploads\/2026\/09\/agostro-scaled.png 2048w\" sizes=\"auto, (max-width: 604px) 100vw, 604px\" \/>\t\t\t\t\t\t\t\t\t\t\t\t\t\t\t<\/div>\n\t\t\t\t<\/div>\n\t\t\t\t\t<\/div>\n\t\t<\/div>\n\t\t\t\t\t\t\t<\/div>\n\t\t<\/section>\n\t\t\t\t<section class=\"elementor-section elementor-top-section elementor-element elementor-element-38754c7 elementor-section-boxed elementor-section-height-default elementor-section-height-default wpr-particle-no wpr-jarallax-no wpr-parallax-no wpr-sticky-section-no\" data-id=\"38754c7\" data-element_type=\"section\">\n\t\t\t\t\t\t<div class=\"elementor-container elementor-column-gap-default\">\n\t\t\t\t\t<div class=\"elementor-column elementor-col-100 elementor-top-column elementor-element elementor-element-f8ed19c\" data-id=\"f8ed19c\" data-element_type=\"column\">\n\t\t\t<div class=\"elementor-widget-wrap\">\n\t\t\t\t\t\t\t\t\t<\/div>\n\t\t<\/div>\n\t\t\t\t\t\t\t<\/div>\n\t\t<\/section>\n\t\t\t\t\t\t<\/div>\n\t\t\t\t\t<\/div>\n\t\t","protected":false},"excerpt":{"rendered":"<p>A Prefeitura de Baldim, por meio da Secretaria Municipal de Sa\u00fade, apresenta o balan\u00e7o dos atendimentos realizados pela Rede Municipal de Sa\u00fade durante o m\u00eas de agosto de 2026. Os n\u00fameros refor\u00e7am<a class=\"moretag\" href=\"https:\/\/baldim.mg.gov.br\/wsite\/?p=7503\">leia mais<\/a><\/p>\n","protected":false},"author":2,"featured_media":7509,"comment_status":"open","ping_status":"open","sticky":false,"template":"","format":"standard","meta":{"footnotes":""},"categories":[3],"tags":[],"class_list":["post-7503","post","type-post","status-publish","format-standard","has-post-thumbnail","hentry","category-noticias"],"_links":{"self":[{"href":"https:\/\/baldim.mg.gov.br\/wsite\/index.php?rest_route=\/wp\/v2\/posts\/7503","targetHints":{"allow":["GET"]}}],"collection":[{"href":"https:\/\/baldim.mg.gov.br\/wsite\/index.php?rest_route=\/wp\/v2\/posts"}],"about":[{"href":"https:\/\/baldim.mg.gov.br\/wsite\/index.php?rest_route=\/wp\/v2\/types\/post"}],"author":[{"embeddable":true,"href":"https:\/\/baldim.mg.gov.br\/wsite\/index.php?rest_route=\/wp\/v2\/users\/2"}],"replies":[{"embeddable":true,"href":"https:\/\/baldim.mg.gov.br\/wsite\/index.php?rest_route=%2Fwp%2Fv2%2Fcomments&post=7503"}],"version-history":[{"count":4,"href":"https:\/\/baldim.mg.gov.br\/wsite\/index.php?rest_route=\/wp\/v2\/posts\/7503\/revisions"}],"predecessor-version":[{"id":7508,"href":"https:\/\/baldim.mg.gov.br\/wsite\/index.php?rest_route=\/wp\/v2\/posts\/7503\/revisions\/7508"}],"wp:featuredmedia":[{"embeddable":true,"href":"https:\/\/baldim.mg.gov.br\/wsite\/index.php?rest_route=\/wp\/v2\/media\/7509"}],"wp:attachment":[{"href":"https:\/\/baldim.mg.gov.br\/wsite\/index.php?rest_route=%2Fwp%2Fv2%2Fmedia&parent=7503"}],"wp:term":[{"taxonomy":"category","embeddable":true,"href":"https:\/\/baldim.mg.gov.br\/wsite\/index.php?rest_route=%2Fwp%2Fv2%2Fcategories&post=7503"},{"taxonomy":"post_tag","embeddable":true,"href":"https:\/\/baldim.mg.gov.br\/wsite\/index.php?rest_route=%2Fwp%2Fv2%2Ftags&post=7503"}],"curies":[{"name":"wp","href":"https:\/\/api.w.org\/{rel}","templated":true}]}}