{"id":6743,"date":"2026-05-01T07:26:40","date_gmt":"2026-05-01T10:26:40","guid":{"rendered":"https:\/\/baldim.mg.gov.br\/wsite\/?p=6743"},"modified":"2026-05-01T07:27:13","modified_gmt":"2026-05-01T10:27:13","slug":"balanco-da-saude-mes-de-abril","status":"publish","type":"post","link":"https:\/\/baldim.mg.gov.br\/wsite\/?p=6743","title":{"rendered":"Balan\u00e7o da Sa\u00fade &#8211; M\u00eas de Abril"},"content":{"rendered":"\t\t<div data-elementor-type=\"wp-post\" data-elementor-id=\"6743\" class=\"elementor elementor-6743\" data-elementor-settings=\"[]\">\n\t\t\t\t\t\t\t<div class=\"elementor-section-wrap\">\n\t\t\t\t\t\t\t<section class=\"elementor-section elementor-top-section elementor-element elementor-element-79ad1686 elementor-section-boxed elementor-section-height-default elementor-section-height-default wpr-particle-no wpr-jarallax-no wpr-parallax-no wpr-sticky-section-no\" data-id=\"79ad1686\" data-element_type=\"section\">\n\t\t\t\t\t\t<div class=\"elementor-container elementor-column-gap-default\">\n\t\t\t\t\t<div class=\"elementor-column elementor-col-100 elementor-top-column elementor-element elementor-element-770de14c\" data-id=\"770de14c\" data-element_type=\"column\">\n\t\t\t<div class=\"elementor-widget-wrap elementor-element-populated\">\n\t\t\t\t\t\t\t\t<div class=\"elementor-element elementor-element-283cdcfc elementor-widget elementor-widget-text-editor\" data-id=\"283cdcfc\" data-element_type=\"widget\" data-widget_type=\"text-editor.default\">\n\t\t\t\t<div class=\"elementor-widget-container\">\n\t\t\t<style>\/*! elementor - v3.5.4 - 23-01-2022 *\/\n.elementor-widget-text-editor.elementor-drop-cap-view-stacked .elementor-drop-cap{background-color:#818a91;color:#fff}.elementor-widget-text-editor.elementor-drop-cap-view-framed .elementor-drop-cap{color:#818a91;border:3px solid;background-color:transparent}.elementor-widget-text-editor:not(.elementor-drop-cap-view-default) .elementor-drop-cap{margin-top:8px}.elementor-widget-text-editor:not(.elementor-drop-cap-view-default) .elementor-drop-cap-letter{width:1em;height:1em}.elementor-widget-text-editor .elementor-drop-cap{float:left;text-align:center;line-height:1;font-size:50px}.elementor-widget-text-editor .elementor-drop-cap-letter{display:inline-block}<\/style>\t\t\t\t<!-- wp:paragraph -->\n<p>\u00a0<\/p>\n<!-- \/wp:paragraph --><!-- wp:separator --><hr class=\"wp-block-separator has-alpha-channel-opacity\" \/><!-- \/wp:separator --><!-- wp:paragraph -->\n<p>A Prefeitura de Baldim, por meio da Secretaria Municipal de Sa\u00fade, apresenta o balan\u00e7o dos atendimentos realizados pela Rede Municipal de Sa\u00fade durante o m\u00eas de abril de 2026.<\/p>\n<!-- \/wp:paragraph --><!-- wp:paragraph -->\n<p>Os n\u00fameros demonstram o compromisso das equipes em garantir um atendimento amplo, eficiente e de qualidade \u00e0 popula\u00e7\u00e3o, fortalecendo os servi\u00e7os de sa\u00fade em todo o munic\u00edpio.<\/p>\n<!-- \/wp:paragraph --><!-- wp:paragraph -->\n<p>Confira os principais dados do per\u00edodo:<\/p>\n<!-- \/wp:paragraph --><!-- wp:paragraph -->\n<p><strong>Atendimento M\u00e9dico \u2013 Estrat\u00e9gia Sa\u00fade da Fam\u00edlia (ESF)<\/strong><br \/>Foram realizados <strong>1.053 atendimentos m\u00e9dicos<\/strong>, refor\u00e7ando a aten\u00e7\u00e3o b\u00e1sica e o acompanhamento cont\u00ednuo das fam\u00edlias baldenses.<\/p>\n<!-- \/wp:paragraph --><!-- wp:paragraph -->\n<p><strong>Atendimentos por Especialidades<\/strong><br \/>Diversas especialidades atenderam a popula\u00e7\u00e3o ao longo do m\u00eas:<\/p>\n<!-- \/wp:paragraph --><!-- wp:paragraph -->\n<p>Pediatria: 43 atendimentos<br \/>Neurologia: 50 atendimentos<br \/>Psiquiatria: 50 atendimentos<br \/>Cardiologia: 43 atendimentos<br \/>Angiologia: 30 atendimentos<br \/>Endocrinologia: 45 atendimentos<br \/>Dermatologia: 30 atendimentos<br \/>Ginecologia: 47 atendimentos<br \/>Fonoaudiologia: 81 atendimentos<br \/>Ortopedia: 38 atendimentos<br \/>Urologia: 20 atendimentos<\/p>\n<!-- \/wp:paragraph --><!-- wp:paragraph -->\n<p><strong>Outros Atendimentos na Rede Municipal<\/strong><br \/>Nutri\u00e7\u00e3o: 78 atendimentos<br \/>Psicologia: 275 atendimentos<br \/>Fisioterapia: 419 atendimentos<br \/>Odontologia: 548 atendimentos<br \/>Enfermagem: 1.813 atendimentos<\/p>\n<!-- \/wp:paragraph --><!-- wp:paragraph -->\n<p><strong>Atua\u00e7\u00e3o dos Agentes Comunit\u00e1rios de Sa\u00fade<\/strong><br \/>Os agentes realizaram <strong>3.401 atendimentos<\/strong>, desempenhando papel fundamental no acompanhamento das fam\u00edlias e na promo\u00e7\u00e3o da sa\u00fade nas comunidades.<\/p>\n<!-- \/wp:paragraph --><!-- wp:paragraph -->\n<p><strong>Pronto Atendimento M\u00e9dico<\/strong><br \/>Atendimentos diurnos: 1.014<br \/>Plant\u00f5es: 258<\/p>\n<!-- \/wp:paragraph --><!-- wp:paragraph -->\n<p><strong>Assist\u00eancia Farmac\u00eautica<\/strong><br \/>Medicamentos dispensados: 198.200 comprimidos<br \/>Medicamentos de alto custo: 5.618 unidades<\/p>\n<!-- \/wp:paragraph --><!-- wp:paragraph -->\n<p><strong>Laborat\u00f3rio Municipal<\/strong><br \/>Exames laboratoriais realizados: 4.784<\/p>\n<!-- \/wp:paragraph --><!-- wp:paragraph -->\n<p><strong>Regula\u00e7\u00e3o de Exames<\/strong><br \/>Exames de imagem: 280<br \/>Exames de alto custo: 72<\/p>\n<!-- \/wp:paragraph --><!-- wp:paragraph -->\n<p><strong>Encaminhamentos e Procedimentos<\/strong><br \/>Encaminhamentos de urg\u00eancia: 57<br \/>Procedimentos cir\u00fargicos: 49<\/p>\n<!-- \/wp:paragraph --><!-- wp:paragraph -->\n<p><strong>Transporte de Pacientes<\/strong><br \/>Transportes para outras cidades: 973<\/p>\n<!-- \/wp:paragraph --><!-- wp:paragraph -->\n<p><strong>Vigil\u00e2ncia em Sa\u00fade<\/strong><br \/>Testes de leishmaniose: 14<br \/>Visitas domiciliares: 2.101<br \/>Exames laboratoriais: 108<br \/>Tratamento focal: 3.110<\/p>\n<!-- \/wp:paragraph --><!-- wp:paragraph -->\n<p>Os resultados refletem o trabalho cont\u00ednuo e o empenho dos profissionais da sa\u00fade em oferecer um atendimento cada vez mais eficiente e humanizado \u00e0 popula\u00e7\u00e3o.<\/p>\n<!-- \/wp:paragraph --><!-- wp:paragraph -->\n<p>A Administra\u00e7\u00e3o Municipal segue investindo na amplia\u00e7\u00e3o e na melhoria dos servi\u00e7os, reafirmando seu compromisso com a sa\u00fade p\u00fablica e com a qualidade de vida dos cidad\u00e3os.<\/p>\n<!-- \/wp:paragraph --><!-- wp:paragraph -->\n<p>Prefeitura de Baldim: Onde o Futuro Acontece.<\/p>\n<!-- \/wp:paragraph --><!-- wp:separator --><hr class=\"wp-block-separator has-alpha-channel-opacity\" \/><!-- \/wp:separator --><!-- wp:paragraph -->\n<p>\u00a0<\/p>\n<!-- \/wp:paragraph --><!-- wp:paragraph -->\n<p>\u00a0<\/p>\n<!-- \/wp:paragraph -->\t\t\t\t\t\t<\/div>\n\t\t\t\t<\/div>\n\t\t\t\t\t<\/div>\n\t\t<\/div>\n\t\t\t\t\t\t\t<\/div>\n\t\t<\/section>\n\t\t\t\t<section class=\"elementor-section elementor-top-section elementor-element elementor-element-d913733 elementor-section-boxed elementor-section-height-default elementor-section-height-default wpr-particle-no wpr-jarallax-no wpr-parallax-no wpr-sticky-section-no\" data-id=\"d913733\" data-element_type=\"section\">\n\t\t\t\t\t\t<div class=\"elementor-container elementor-column-gap-default\">\n\t\t\t\t\t<div class=\"elementor-column elementor-col-100 elementor-top-column elementor-element elementor-element-e02ab08\" data-id=\"e02ab08\" data-element_type=\"column\">\n\t\t\t<div class=\"elementor-widget-wrap elementor-element-populated\">\n\t\t\t\t\t\t\t\t<div class=\"elementor-element elementor-element-20e0dfd elementor-widget elementor-widget-image\" data-id=\"20e0dfd\" data-element_type=\"widget\" data-widget_type=\"image.default\">\n\t\t\t\t<div class=\"elementor-widget-container\">\n\t\t\t<style>\/*! elementor - v3.5.4 - 23-01-2022 *\/\n.elementor-widget-image{text-align:center}.elementor-widget-image a{display:inline-block}.elementor-widget-image a img[src$=\".svg\"]{width:48px}.elementor-widget-image img{vertical-align:middle;display:inline-block}<\/style>\t\t\t\t\t\t\t\t\t\t\t\t<img loading=\"lazy\" decoding=\"async\" width=\"604\" height=\"755\" src=\"https:\/\/baldim.mg.gov.br\/wsite\/wp-content\/uploads\/2026\/05\/Saude-em-Numeros-abril2026-copiar-819x1024.png\" class=\"attachment-large size-large\" alt=\"\" srcset=\"https:\/\/baldim.mg.gov.br\/wsite\/wp-content\/uploads\/2026\/05\/Saude-em-Numeros-abril2026-copiar-819x1024.png 819w, https:\/\/baldim.mg.gov.br\/wsite\/wp-content\/uploads\/2026\/05\/Saude-em-Numeros-abril2026-copiar-240x300.png 240w, https:\/\/baldim.mg.gov.br\/wsite\/wp-content\/uploads\/2026\/05\/Saude-em-Numeros-abril2026-copiar-768x960.png 768w, https:\/\/baldim.mg.gov.br\/wsite\/wp-content\/uploads\/2026\/05\/Saude-em-Numeros-abril2026-copiar-1229x1536.png 1229w, https:\/\/baldim.mg.gov.br\/wsite\/wp-content\/uploads\/2026\/05\/Saude-em-Numeros-abril2026-copiar-1638x2048.png 1638w, https:\/\/baldim.mg.gov.br\/wsite\/wp-content\/uploads\/2026\/05\/Saude-em-Numeros-abril2026-copiar-scaled.png 2048w\" sizes=\"auto, (max-width: 604px) 100vw, 604px\" \/>\t\t\t\t\t\t\t\t\t\t\t\t\t\t\t<\/div>\n\t\t\t\t<\/div>\n\t\t\t\t\t<\/div>\n\t\t<\/div>\n\t\t\t\t\t\t\t<\/div>\n\t\t<\/section>\n\t\t\t\t\t\t<\/div>\n\t\t\t\t\t<\/div>\n\t\t","protected":false},"excerpt":{"rendered":"<p>\u00a0 A Prefeitura de Baldim, por meio da Secretaria Municipal de Sa\u00fade, apresenta o balan\u00e7o dos atendimentos realizados pela Rede Municipal de Sa\u00fade durante o m\u00eas de abril de 2026. Os n\u00fameros<a class=\"moretag\" href=\"https:\/\/baldim.mg.gov.br\/wsite\/?p=6743\">leia mais<\/a><\/p>\n","protected":false},"author":2,"featured_media":6744,"comment_status":"open","ping_status":"open","sticky":false,"template":"","format":"standard","meta":{"footnotes":""},"categories":[3,24],"tags":[],"class_list":["post-6743","post","type-post","status-publish","format-standard","has-post-thumbnail","hentry","category-noticias","category-noticias-saude"],"_links":{"self":[{"href":"https:\/\/baldim.mg.gov.br\/wsite\/index.php?rest_route=\/wp\/v2\/posts\/6743","targetHints":{"allow":["GET"]}}],"collection":[{"href":"https:\/\/baldim.mg.gov.br\/wsite\/index.php?rest_route=\/wp\/v2\/posts"}],"about":[{"href":"https:\/\/baldim.mg.gov.br\/wsite\/index.php?rest_route=\/wp\/v2\/types\/post"}],"author":[{"embeddable":true,"href":"https:\/\/baldim.mg.gov.br\/wsite\/index.php?rest_route=\/wp\/v2\/users\/2"}],"replies":[{"embeddable":true,"href":"https:\/\/baldim.mg.gov.br\/wsite\/index.php?rest_route=%2Fwp%2Fv2%2Fcomments&post=6743"}],"version-history":[{"count":4,"href":"https:\/\/baldim.mg.gov.br\/wsite\/index.php?rest_route=\/wp\/v2\/posts\/6743\/revisions"}],"predecessor-version":[{"id":6749,"href":"https:\/\/baldim.mg.gov.br\/wsite\/index.php?rest_route=\/wp\/v2\/posts\/6743\/revisions\/6749"}],"wp:featuredmedia":[{"embeddable":true,"href":"https:\/\/baldim.mg.gov.br\/wsite\/index.php?rest_route=\/wp\/v2\/media\/6744"}],"wp:attachment":[{"href":"https:\/\/baldim.mg.gov.br\/wsite\/index.php?rest_route=%2Fwp%2Fv2%2Fmedia&parent=6743"}],"wp:term":[{"taxonomy":"category","embeddable":true,"href":"https:\/\/baldim.mg.gov.br\/wsite\/index.php?rest_route=%2Fwp%2Fv2%2Fcategories&post=6743"},{"taxonomy":"post_tag","embeddable":true,"href":"https:\/\/baldim.mg.gov.br\/wsite\/index.php?rest_route=%2Fwp%2Fv2%2Ftags&post=6743"}],"curies":[{"name":"wp","href":"https:\/\/api.w.org\/{rel}","templated":true}]}}