{"id":5306,"date":"2026-02-03T08:33:06","date_gmt":"2026-02-03T11:33:06","guid":{"rendered":"https:\/\/baldim.mg.gov.br\/wsite\/?p=5306"},"modified":"2026-02-03T08:38:57","modified_gmt":"2026-02-03T11:38:57","slug":"processo-seletivo-2026","status":"publish","type":"post","link":"https:\/\/baldim.mg.gov.br\/wsite\/?p=5306","title":{"rendered":"PROCESSO SELETIVO 2026"},"content":{"rendered":"\t\t<div data-elementor-type=\"wp-post\" data-elementor-id=\"5306\" class=\"elementor elementor-5306\" data-elementor-settings=\"[]\">\n\t\t\t\t\t\t\t<div class=\"elementor-section-wrap\">\n\t\t\t\t\t\t\t<section class=\"elementor-section elementor-top-section elementor-element elementor-element-0145efc elementor-section-boxed elementor-section-height-default elementor-section-height-default wpr-particle-no wpr-jarallax-no wpr-parallax-no wpr-sticky-section-no\" data-id=\"0145efc\" data-element_type=\"section\">\n\t\t\t\t\t\t<div class=\"elementor-container elementor-column-gap-default\">\n\t\t\t\t\t<div class=\"elementor-column elementor-col-100 elementor-top-column elementor-element elementor-element-b92d5f6\" data-id=\"b92d5f6\" data-element_type=\"column\">\n\t\t\t<div class=\"elementor-widget-wrap elementor-element-populated\">\n\t\t\t\t\t\t\t\t<div class=\"elementor-element elementor-element-0218789 elementor-widget elementor-widget-text-editor\" data-id=\"0218789\" data-element_type=\"widget\" data-widget_type=\"text-editor.default\">\n\t\t\t\t<div class=\"elementor-widget-container\">\n\t\t\t<style>\/*! elementor - v3.5.4 - 23-01-2022 *\/\n.elementor-widget-text-editor.elementor-drop-cap-view-stacked .elementor-drop-cap{background-color:#818a91;color:#fff}.elementor-widget-text-editor.elementor-drop-cap-view-framed .elementor-drop-cap{color:#818a91;border:3px solid;background-color:transparent}.elementor-widget-text-editor:not(.elementor-drop-cap-view-default) .elementor-drop-cap{margin-top:8px}.elementor-widget-text-editor:not(.elementor-drop-cap-view-default) .elementor-drop-cap-letter{width:1em;height:1em}.elementor-widget-text-editor .elementor-drop-cap{float:left;text-align:center;line-height:1;font-size:50px}.elementor-widget-text-editor .elementor-drop-cap-letter{display:inline-block}<\/style>\t\t\t\t<h5 class=\"flex flex-col text-sm\"><strong>Infraestrutura &amp; Meio Ambiente<\/strong><br \/><br \/><\/h5><article class=\"text-token-text-primary w-full focus:outline-none [--shadow-height:45px] has-data-writing-block:pointer-events-none has-data-writing-block:-mt-(--shadow-height) has-data-writing-block:pt-(--shadow-height) [&amp;:has([data-writing-block])&gt;*]:pointer-events-auto scroll-mt-[calc(var(--header-height)+min(200px,max(70px,20svh)))]\" dir=\"auto\" tabindex=\"-1\" data-turn-id=\"request-WEB:7a52d9b3-cebc-4047-ba7f-2a41bee329ae-2\" data-testid=\"conversation-turn-6\" data-scroll-anchor=\"true\" data-turn=\"assistant\"><div class=\"text-base my-auto mx-auto pb-10 [--thread-content-margin:--spacing(4)] @w-sm\/main:[--thread-content-margin:--spacing(6)] @w-lg\/main:[--thread-content-margin:--spacing(16)] px-(--thread-content-margin)\"><div class=\"[--thread-content-max-width:40rem] @w-lg\/main:[--thread-content-max-width:48rem] mx-auto max-w-(--thread-content-max-width) flex-1 group\/turn-messages focus-visible:outline-hidden relative flex w-full min-w-0 flex-col agent-turn\" tabindex=\"-1\"><div class=\"flex max-w-full flex-col grow\"><div class=\"min-h-8 text-message relative flex w-full flex-col items-end gap-2 text-start break-words whitespace-normal [.text-message+&amp;]:mt-1\" dir=\"auto\" data-message-author-role=\"assistant\" data-message-id=\"987ef6a6-b846-47d0-918f-a035670ab1ae\" data-message-model-slug=\"gpt-5-2\"><div class=\"flex w-full flex-col gap-1 empty:hidden first:pt-[1px]\"><div class=\"markdown prose dark:prose-invert w-full wrap-break-word light markdown-new-styling\"><p data-start=\"141\" data-end=\"418\">A Prefeitura de Baldim, por meio das Secretarias de <strong data-start=\"193\" data-end=\"211\">Infraestrutura<\/strong> e <strong data-start=\"214\" data-end=\"231\">Meio Ambiente<\/strong>, anuncia a abertura do <strong data-start=\"255\" data-end=\"281\">Processo Seletivo 2026<\/strong> para contrata\u00e7\u00e3o de profissionais que ir\u00e3o fortalecer os servi\u00e7os p\u00fablicos e contribuir diretamente para o desenvolvimento do munic\u00edpio.<\/p><p data-start=\"420\" data-end=\"605\">A iniciativa busca refor\u00e7ar as equipes respons\u00e1veis por obras, manuten\u00e7\u00e3o, transporte e servi\u00e7os urbanos, garantindo mais qualidade, efici\u00eancia e cuidado com a cidade e com a popula\u00e7\u00e3o.<\/p><p data-start=\"607\" data-end=\"657\">As oportunidades contemplam os seguintes cargos:<\/p><ul data-start=\"658\" data-end=\"771\"><li data-start=\"658\" data-end=\"678\"><p data-start=\"660\" data-end=\"678\">Engenheiro Civil<\/p><\/li><li data-start=\"679\" data-end=\"691\"><p data-start=\"681\" data-end=\"691\">Oper\u00e1rio<\/p><\/li><li data-start=\"692\" data-end=\"724\"><p data-start=\"694\" data-end=\"724\">Ajudante de Obras e Servi\u00e7os<\/p><\/li><li data-start=\"725\" data-end=\"737\"><p data-start=\"727\" data-end=\"737\">Mec\u00e2nico<\/p><\/li><li data-start=\"738\" data-end=\"762\"><p data-start=\"740\" data-end=\"762\">Motorista Carteira D<\/p><\/li><li data-start=\"763\" data-end=\"771\"><p data-start=\"765\" data-end=\"771\">Gari<\/p><\/li><\/ul><p data-start=\"773\" data-end=\"902\">\ud83d\udcc5 <strong data-start=\"776\" data-end=\"802\">Per\u00edodo de inscri\u00e7\u00f5es:<\/strong><br data-start=\"802\" data-end=\"805\" \/>A partir das <strong data-start=\"818\" data-end=\"855\">8h do dia 04 de fevereiro de 2026<\/strong> at\u00e9 \u00e0s <strong data-start=\"863\" data-end=\"901\">15h do dia 10 de fevereiro de 2026<\/strong>.<\/p><p data-start=\"904\" data-end=\"1026\">\ud83d\udccd <strong data-start=\"907\" data-end=\"930\">Local de inscri\u00e7\u00e3o:<\/strong><br data-start=\"930\" data-end=\"933\" \/>Pr\u00e9dio da Prefeitura Municipal de Baldim<br data-start=\"973\" data-end=\"976\" \/><strong data-start=\"976\" data-end=\"1026\">Rua Vitalino Augusto, n\u00ba 635 \u2013 Centro \u2013 Baldim<\/strong><\/p><p data-start=\"1028\" data-end=\"1254\" data-is-last-node=\"\" data-is-only-node=\"\">O processo seletivo \u00e9 uma oportunidade de integrar a equipe que trabalha diariamente para manter uma Baldim organizada, estruturada e bem cuidada.<br \/>N\u00e3o perca essa oportunidade e participe!<\/p><\/div><\/div><\/div><\/div><div class=\"z-0 flex min-h-[46px] justify-start\">\u00a0<\/div><div class=\"mt-3 w-full empty:hidden\"><div class=\"text-center\">\u00a0<\/div><\/div><\/div><\/div><\/article><div class=\"pointer-events-none h-px w-px absolute bottom-0\" aria-hidden=\"true\" data-edge=\"true\">\u00a0<\/div>\t\t\t\t\t\t<\/div>\n\t\t\t\t<\/div>\n\t\t\t\t\t<\/div>\n\t\t<\/div>\n\t\t\t\t\t\t\t<\/div>\n\t\t<\/section>\n\t\t\t\t<section class=\"elementor-section elementor-top-section elementor-element elementor-element-d8f961d elementor-section-boxed elementor-section-height-default elementor-section-height-default wpr-particle-no wpr-jarallax-no wpr-parallax-no wpr-sticky-section-no\" data-id=\"d8f961d\" data-element_type=\"section\">\n\t\t\t\t\t\t<div class=\"elementor-container elementor-column-gap-default\">\n\t\t\t\t\t<div class=\"elementor-column elementor-col-100 elementor-top-column elementor-element elementor-element-63e828d\" data-id=\"63e828d\" data-element_type=\"column\">\n\t\t\t<div class=\"elementor-widget-wrap elementor-element-populated\">\n\t\t\t\t\t\t\t\t<div class=\"elementor-element elementor-element-b8347b9 elementor-align-center elementor-widget elementor-widget-button\" data-id=\"b8347b9\" data-element_type=\"widget\" data-widget_type=\"button.default\">\n\t\t\t\t<div class=\"elementor-widget-container\">\n\t\t\t\t\t<div class=\"elementor-button-wrapper\">\n\t\t\t<a href=\"https:\/\/baldim.mg.gov.br\/wsite\/?cat=47\" class=\"elementor-button-link elementor-button elementor-size-sm\" role=\"button\">\n\t\t\t\t\t\t<span class=\"elementor-button-content-wrapper\">\n\t\t\t\t\t\t<span class=\"elementor-button-text\">Acesse o Edital - Clique Aqui<\/span>\n\t\t<\/span>\n\t\t\t\t\t<\/a>\n\t\t<\/div>\n\t\t\t\t<\/div>\n\t\t\t\t<\/div>\n\t\t\t\t\t<\/div>\n\t\t<\/div>\n\t\t\t\t\t\t\t<\/div>\n\t\t<\/section>\n\t\t\t\t<section class=\"elementor-section elementor-top-section elementor-element elementor-element-dced8be elementor-section-boxed elementor-section-height-default elementor-section-height-default wpr-particle-no wpr-jarallax-no wpr-parallax-no wpr-sticky-section-no\" data-id=\"dced8be\" data-element_type=\"section\">\n\t\t\t\t\t\t<div class=\"elementor-container elementor-column-gap-default\">\n\t\t\t\t\t<div class=\"elementor-column elementor-col-100 elementor-top-column elementor-element elementor-element-8663124\" data-id=\"8663124\" data-element_type=\"column\">\n\t\t\t<div class=\"elementor-widget-wrap elementor-element-populated\">\n\t\t\t\t\t\t\t\t<div class=\"elementor-element elementor-element-ba2c19c elementor-widget elementor-widget-image\" data-id=\"ba2c19c\" data-element_type=\"widget\" data-widget_type=\"image.default\">\n\t\t\t\t<div class=\"elementor-widget-container\">\n\t\t\t<style>\/*! elementor - v3.5.4 - 23-01-2022 *\/\n.elementor-widget-image{text-align:center}.elementor-widget-image a{display:inline-block}.elementor-widget-image a img[src$=\".svg\"]{width:48px}.elementor-widget-image img{vertical-align:middle;display:inline-block}<\/style>\t\t\t\t\t\t\t\t\t\t\t\t<img loading=\"lazy\" decoding=\"async\" width=\"604\" height=\"403\" src=\"https:\/\/baldim.mg.gov.br\/wsite\/wp-content\/uploads\/2026\/02\/Imagem-Processo-m-e-I-768x512.png\" class=\"attachment-medium_large size-medium_large\" alt=\"\" srcset=\"https:\/\/baldim.mg.gov.br\/wsite\/wp-content\/uploads\/2026\/02\/Imagem-Processo-m-e-I-768x512.png 768w, https:\/\/baldim.mg.gov.br\/wsite\/wp-content\/uploads\/2026\/02\/Imagem-Processo-m-e-I-300x200.png 300w, https:\/\/baldim.mg.gov.br\/wsite\/wp-content\/uploads\/2026\/02\/Imagem-Processo-m-e-I-1024x683.png 1024w, https:\/\/baldim.mg.gov.br\/wsite\/wp-content\/uploads\/2026\/02\/Imagem-Processo-m-e-I.png 1536w\" sizes=\"auto, (max-width: 604px) 100vw, 604px\" \/>\t\t\t\t\t\t\t\t\t\t\t\t\t\t\t<\/div>\n\t\t\t\t<\/div>\n\t\t\t\t\t<\/div>\n\t\t<\/div>\n\t\t\t\t\t\t\t<\/div>\n\t\t<\/section>\n\t\t\t\t\t\t<\/div>\n\t\t\t\t\t<\/div>\n\t\t","protected":false},"excerpt":{"rendered":"<p>Infraestrutura &amp; Meio Ambiente A Prefeitura de Baldim, por meio das Secretarias de Infraestrutura e Meio Ambiente, anuncia a abertura do Processo Seletivo 2026 para contrata\u00e7\u00e3o de profissionais que ir\u00e3o fortalecer os<a class=\"moretag\" href=\"https:\/\/baldim.mg.gov.br\/wsite\/?p=5306\">leia mais<\/a><\/p>\n","protected":false},"author":2,"featured_media":5315,"comment_status":"open","ping_status":"open","sticky":false,"template":"","format":"standard","meta":{"footnotes":""},"categories":[3],"tags":[],"class_list":["post-5306","post","type-post","status-publish","format-standard","has-post-thumbnail","hentry","category-noticias"],"_links":{"self":[{"href":"https:\/\/baldim.mg.gov.br\/wsite\/index.php?rest_route=\/wp\/v2\/posts\/5306","targetHints":{"allow":["GET"]}}],"collection":[{"href":"https:\/\/baldim.mg.gov.br\/wsite\/index.php?rest_route=\/wp\/v2\/posts"}],"about":[{"href":"https:\/\/baldim.mg.gov.br\/wsite\/index.php?rest_route=\/wp\/v2\/types\/post"}],"author":[{"embeddable":true,"href":"https:\/\/baldim.mg.gov.br\/wsite\/index.php?rest_route=\/wp\/v2\/users\/2"}],"replies":[{"embeddable":true,"href":"https:\/\/baldim.mg.gov.br\/wsite\/index.php?rest_route=%2Fwp%2Fv2%2Fcomments&post=5306"}],"version-history":[{"count":11,"href":"https:\/\/baldim.mg.gov.br\/wsite\/index.php?rest_route=\/wp\/v2\/posts\/5306\/revisions"}],"predecessor-version":[{"id":5319,"href":"https:\/\/baldim.mg.gov.br\/wsite\/index.php?rest_route=\/wp\/v2\/posts\/5306\/revisions\/5319"}],"wp:featuredmedia":[{"embeddable":true,"href":"https:\/\/baldim.mg.gov.br\/wsite\/index.php?rest_route=\/wp\/v2\/media\/5315"}],"wp:attachment":[{"href":"https:\/\/baldim.mg.gov.br\/wsite\/index.php?rest_route=%2Fwp%2Fv2%2Fmedia&parent=5306"}],"wp:term":[{"taxonomy":"category","embeddable":true,"href":"https:\/\/baldim.mg.gov.br\/wsite\/index.php?rest_route=%2Fwp%2Fv2%2Fcategories&post=5306"},{"taxonomy":"post_tag","embeddable":true,"href":"https:\/\/baldim.mg.gov.br\/wsite\/index.php?rest_route=%2Fwp%2Fv2%2Ftags&post=5306"}],"curies":[{"name":"wp","href":"https:\/\/api.w.org\/{rel}","templated":true}]}}