{"id":3990,"date":"2025-10-01T16:37:07","date_gmt":"2025-10-01T16:37:07","guid":{"rendered":"https:\/\/baldim.mg.gov.br\/wsite\/?p=3990"},"modified":"2025-10-01T16:50:53","modified_gmt":"2025-10-01T16:50:53","slug":"grupo-hiperdia-esta-de-volta","status":"publish","type":"post","link":"https:\/\/baldim.mg.gov.br\/wsite\/?p=3990","title":{"rendered":"Grupo Hiperdia est\u00e1 de volta"},"content":{"rendered":"\t\t<div data-elementor-type=\"wp-post\" data-elementor-id=\"3990\" class=\"elementor elementor-3990\" data-elementor-settings=\"[]\">\n\t\t\t\t\t\t\t<div class=\"elementor-section-wrap\">\n\t\t\t\t\t\t\t<section class=\"elementor-section elementor-top-section elementor-element elementor-element-8bbe9da elementor-section-boxed elementor-section-height-default elementor-section-height-default wpr-particle-no wpr-jarallax-no wpr-parallax-no wpr-sticky-section-no\" data-id=\"8bbe9da\" data-element_type=\"section\">\n\t\t\t\t\t\t<div class=\"elementor-container elementor-column-gap-default\">\n\t\t\t\t\t<div class=\"elementor-column elementor-col-100 elementor-top-column elementor-element elementor-element-7afb3ef\" data-id=\"7afb3ef\" data-element_type=\"column\">\n\t\t\t<div class=\"elementor-widget-wrap elementor-element-populated\">\n\t\t\t\t\t\t\t\t<div class=\"elementor-element elementor-element-db33561 elementor-widget elementor-widget-text-editor\" data-id=\"db33561\" data-element_type=\"widget\" data-widget_type=\"text-editor.default\">\n\t\t\t\t<div class=\"elementor-widget-container\">\n\t\t\t<style>\/*! elementor - v3.5.4 - 23-01-2022 *\/\n.elementor-widget-text-editor.elementor-drop-cap-view-stacked .elementor-drop-cap{background-color:#818a91;color:#fff}.elementor-widget-text-editor.elementor-drop-cap-view-framed .elementor-drop-cap{color:#818a91;border:3px solid;background-color:transparent}.elementor-widget-text-editor:not(.elementor-drop-cap-view-default) .elementor-drop-cap{margin-top:8px}.elementor-widget-text-editor:not(.elementor-drop-cap-view-default) .elementor-drop-cap-letter{width:1em;height:1em}.elementor-widget-text-editor .elementor-drop-cap{float:left;text-align:center;line-height:1;font-size:50px}.elementor-widget-text-editor .elementor-drop-cap-letter{display:inline-block}<\/style>\t\t\t\t<h2 data-start=\"150\" data-end=\"227\">Grupo Hiperdia est\u00e1 de volta em Baldim com encontros mensais itinerantes<\/h2><p data-start=\"229\" data-end=\"465\">A Prefeitura de Baldim, por meio da Secretaria Municipal de Sa\u00fade, informa que o <strong data-start=\"310\" data-end=\"328\">Grupo Hiperdia<\/strong> est\u00e1 oficialmente de volta, trazendo uma importante a\u00e7\u00e3o de promo\u00e7\u00e3o \u00e0 sa\u00fade e acompanhamento para pessoas com hipertens\u00e3o e diabetes.<\/p><p data-start=\"467\" data-end=\"633\">O programa \u00e9 fundamental para o <strong data-start=\"499\" data-end=\"538\">controle e preven\u00e7\u00e3o dessas doen\u00e7as<\/strong>, al\u00e9m de oferecer orienta\u00e7\u00f5es que contribuem para uma melhor qualidade de vida da popula\u00e7\u00e3o.<\/p><p data-start=\"635\" data-end=\"918\">Os encontros acontecer\u00e3o <strong data-start=\"660\" data-end=\"699\">mensalmente e em formato itinerante<\/strong>, passando por diferentes localidades do munic\u00edpio. Durante as reuni\u00f5es, ser\u00e3o realizadas <strong data-start=\"789\" data-end=\"915\">palestras educativas sobre diversos temas de sa\u00fade, atividades pr\u00e1ticas e momentos de orienta\u00e7\u00e3o com profissionais da \u00e1rea<\/strong>.<\/p><p data-start=\"920\" data-end=\"1294\">Segundo a Secret\u00e1ria Municipal de Sa\u00fade, Melina, a retomada do Hiperdia \u00e9 um passo importante para fortalecer o cuidado cont\u00ednuo:<br data-start=\"1052\" data-end=\"1055\" \/>\u201cNosso objetivo \u00e9 aproximar os servi\u00e7os de sa\u00fade das pessoas, levando informa\u00e7\u00e3o, acompanhamento e preven\u00e7\u00e3o. O Hiperdia \u00e9 um espa\u00e7o de aprendizado, mas tamb\u00e9m de acolhimento para todos que convivem com hipertens\u00e3o e diabetes\u201d, destacou.<\/p><p data-start=\"1296\" data-end=\"1495\">A Secretaria refor\u00e7a que \u00e9 essencial a participa\u00e7\u00e3o da comunidade nos encontros. As datas e locais das pr\u00f3ximas reuni\u00f5es ser\u00e3o divulgados pelos agentes de sa\u00fade do munic\u00edpio.<\/p><p data-start=\"1497\" data-end=\"1564\"><strong data-start=\"1497\" data-end=\"1562\">Grupo Hiperdia: Baldim mais saud\u00e1vel, todos juntos pela vida.<\/strong><\/p>\t\t\t\t\t\t<\/div>\n\t\t\t\t<\/div>\n\t\t\t\t\t<\/div>\n\t\t<\/div>\n\t\t\t\t\t\t\t<\/div>\n\t\t<\/section>\n\t\t\t\t<section class=\"elementor-section elementor-top-section elementor-element elementor-element-c670643 elementor-section-boxed elementor-section-height-default elementor-section-height-default wpr-particle-no wpr-jarallax-no wpr-parallax-no wpr-sticky-section-no\" data-id=\"c670643\" data-element_type=\"section\">\n\t\t\t\t\t\t<div class=\"elementor-container elementor-column-gap-default\">\n\t\t\t\t\t<div class=\"elementor-column elementor-col-100 elementor-top-column elementor-element elementor-element-dccb7b7\" data-id=\"dccb7b7\" data-element_type=\"column\">\n\t\t\t<div class=\"elementor-widget-wrap elementor-element-populated\">\n\t\t\t\t\t\t\t\t<div class=\"elementor-element elementor-element-2196063 elementor-arrows-position-inside elementor-pagination-position-outside elementor-widget elementor-widget-image-carousel\" data-id=\"2196063\" data-element_type=\"widget\" data-settings=\"{&quot;navigation&quot;:&quot;both&quot;,&quot;autoplay&quot;:&quot;yes&quot;,&quot;pause_on_hover&quot;:&quot;yes&quot;,&quot;pause_on_interaction&quot;:&quot;yes&quot;,&quot;autoplay_speed&quot;:5000,&quot;infinite&quot;:&quot;yes&quot;,&quot;speed&quot;:500}\" data-widget_type=\"image-carousel.default\">\n\t\t\t\t<div class=\"elementor-widget-container\">\n\t\t\t<style>\/*! elementor - v3.5.4 - 23-01-2022 *\/\n.elementor-widget-image-carousel .swiper-container{position:static}.elementor-widget-image-carousel .swiper-container .swiper-slide figure{line-height:inherit}.elementor-widget-image-carousel .swiper-slide{text-align:center}.elementor-image-carousel-wrapper:not(.swiper-container-initialized) .swiper-slide{max-width:calc(100% \/ var(--e-image-carousel-slides-to-show, 3))}<\/style>\t\t<div class=\"elementor-image-carousel-wrapper swiper-container\" dir=\"ltr\">\n\t\t\t<div class=\"elementor-image-carousel swiper-wrapper\">\n\t\t\t\t\t\t\t\t<div class=\"swiper-slide\"><figure class=\"swiper-slide-inner\"><img decoding=\"async\" class=\"swiper-slide-image\" src=\"https:\/\/baldim.mg.gov.br\/wsite\/wp-content\/uploads\/2025\/10\/WhatsApp-Image-2025-09-26-at-09.16.28-226x300.jpeg\" alt=\"WhatsApp Image 2025-09-26 at 09.16.28\" \/><\/figure><\/div><div class=\"swiper-slide\"><figure class=\"swiper-slide-inner\"><img decoding=\"async\" class=\"swiper-slide-image\" src=\"https:\/\/baldim.mg.gov.br\/wsite\/wp-content\/uploads\/2025\/10\/WhatsApp-Image-2025-09-26-at-09.16.28-1-226x300.jpeg\" alt=\"WhatsApp Image 2025-09-26 at 09.16.28 (1)\" \/><\/figure><\/div><div class=\"swiper-slide\"><figure class=\"swiper-slide-inner\"><img decoding=\"async\" class=\"swiper-slide-image\" src=\"https:\/\/baldim.mg.gov.br\/wsite\/wp-content\/uploads\/2025\/10\/WhatsApp-Image-2025-09-26-at-09.16.26-2-225x300.jpeg\" alt=\"WhatsApp Image 2025-09-26 at 09.16.26 (2)\" \/><\/figure><\/div><div class=\"swiper-slide\"><figure class=\"swiper-slide-inner\"><img decoding=\"async\" class=\"swiper-slide-image\" src=\"https:\/\/baldim.mg.gov.br\/wsite\/wp-content\/uploads\/2025\/10\/WhatsApp-Image-2025-09-26-at-09.16.25-2-225x300.jpeg\" alt=\"WhatsApp Image 2025-09-26 at 09.16.25 (2)\" \/><\/figure><\/div><div class=\"swiper-slide\"><figure class=\"swiper-slide-inner\"><img decoding=\"async\" class=\"swiper-slide-image\" src=\"https:\/\/baldim.mg.gov.br\/wsite\/wp-content\/uploads\/2025\/10\/WhatsApp-Image-2025-09-26-at-09.16.24-225x300.jpeg\" alt=\"WhatsApp Image 2025-09-26 at 09.16.24\" \/><\/figure><\/div><div class=\"swiper-slide\"><figure class=\"swiper-slide-inner\"><img decoding=\"async\" class=\"swiper-slide-image\" src=\"https:\/\/baldim.mg.gov.br\/wsite\/wp-content\/uploads\/2025\/10\/WhatsApp-Image-2025-09-26-at-09.16.24-1-225x300.jpeg\" alt=\"WhatsApp Image 2025-09-26 at 09.16.24 (1)\" \/><\/figure><\/div><div class=\"swiper-slide\"><figure class=\"swiper-slide-inner\"><img decoding=\"async\" class=\"swiper-slide-image\" src=\"https:\/\/baldim.mg.gov.br\/wsite\/wp-content\/uploads\/2025\/10\/WhatsApp-Image-2025-09-26-at-09.16.23-2-226x300.jpeg\" alt=\"WhatsApp Image 2025-09-26 at 09.16.23 (2)\" \/><\/figure><\/div><div class=\"swiper-slide\"><figure class=\"swiper-slide-inner\"><img decoding=\"async\" class=\"swiper-slide-image\" src=\"https:\/\/baldim.mg.gov.br\/wsite\/wp-content\/uploads\/2025\/10\/WhatsApp-Image-2025-09-26-at-09.16.21-225x300.jpeg\" alt=\"WhatsApp Image 2025-09-26 at 09.16.21\" \/><\/figure><\/div><div class=\"swiper-slide\"><figure class=\"swiper-slide-inner\"><img decoding=\"async\" class=\"swiper-slide-image\" src=\"https:\/\/baldim.mg.gov.br\/wsite\/wp-content\/uploads\/2025\/10\/WhatsApp-Image-2025-09-26-at-09.16.22-1-226x300.jpeg\" alt=\"WhatsApp Image 2025-09-26 at 09.16.22 (1)\" \/><\/figure><\/div><div class=\"swiper-slide\"><figure class=\"swiper-slide-inner\"><img decoding=\"async\" class=\"swiper-slide-image\" src=\"https:\/\/baldim.mg.gov.br\/wsite\/wp-content\/uploads\/2025\/10\/WhatsApp-Image-2025-09-26-at-09.16.22-225x300.jpeg\" alt=\"WhatsApp Image 2025-09-26 at 09.16.22\" \/><\/figure><\/div><div class=\"swiper-slide\"><figure class=\"swiper-slide-inner\"><img decoding=\"async\" class=\"swiper-slide-image\" src=\"https:\/\/baldim.mg.gov.br\/wsite\/wp-content\/uploads\/2025\/10\/WhatsApp-Image-2025-09-26-at-09.16.23-1-226x300.jpeg\" alt=\"WhatsApp Image 2025-09-26 at 09.16.23 (1)\" \/><\/figure><\/div>\t\t\t<\/div>\n\t\t\t\t\t\t\t\t\t\t\t\t<div class=\"swiper-pagination\"><\/div>\n\t\t\t\t\t\t\t\t\t\t\t\t\t<div class=\"elementor-swiper-button elementor-swiper-button-prev\">\n\t\t\t\t\t\t<i aria-hidden=\"true\" class=\"eicon-chevron-left\"><\/i>\t\t\t\t\t\t<span class=\"elementor-screen-only\">Anterior<\/span>\n\t\t\t\t\t<\/div>\n\t\t\t\t\t<div class=\"elementor-swiper-button elementor-swiper-button-next\">\n\t\t\t\t\t\t<i aria-hidden=\"true\" class=\"eicon-chevron-right\"><\/i>\t\t\t\t\t\t<span class=\"elementor-screen-only\">Pr\u00f3ximo<\/span>\n\t\t\t\t\t<\/div>\n\t\t\t\t\t\t\t\t\t<\/div>\n\t\t\t\t<\/div>\n\t\t\t\t<\/div>\n\t\t\t\t\t<\/div>\n\t\t<\/div>\n\t\t\t\t\t\t\t<\/div>\n\t\t<\/section>\n\t\t\t\t\t\t<\/div>\n\t\t\t\t\t<\/div>\n\t\t","protected":false},"excerpt":{"rendered":"<p>Grupo Hiperdia est\u00e1 de volta em Baldim com encontros mensais itinerantes A Prefeitura de Baldim, por meio da Secretaria Municipal de Sa\u00fade, informa que o Grupo Hiperdia est\u00e1 oficialmente de volta, trazendo<a class=\"moretag\" href=\"https:\/\/baldim.mg.gov.br\/wsite\/?p=3990\">leia mais<\/a><\/p>\n","protected":false},"author":2,"featured_media":3991,"comment_status":"open","ping_status":"open","sticky":false,"template":"","format":"standard","meta":{"footnotes":""},"categories":[3,24],"tags":[],"class_list":["post-3990","post","type-post","status-publish","format-standard","has-post-thumbnail","hentry","category-noticias","category-noticias-saude"],"_links":{"self":[{"href":"https:\/\/baldim.mg.gov.br\/wsite\/index.php?rest_route=\/wp\/v2\/posts\/3990","targetHints":{"allow":["GET"]}}],"collection":[{"href":"https:\/\/baldim.mg.gov.br\/wsite\/index.php?rest_route=\/wp\/v2\/posts"}],"about":[{"href":"https:\/\/baldim.mg.gov.br\/wsite\/index.php?rest_route=\/wp\/v2\/types\/post"}],"author":[{"embeddable":true,"href":"https:\/\/baldim.mg.gov.br\/wsite\/index.php?rest_route=\/wp\/v2\/users\/2"}],"replies":[{"embeddable":true,"href":"https:\/\/baldim.mg.gov.br\/wsite\/index.php?rest_route=%2Fwp%2Fv2%2Fcomments&post=3990"}],"version-history":[{"count":10,"href":"https:\/\/baldim.mg.gov.br\/wsite\/index.php?rest_route=\/wp\/v2\/posts\/3990\/revisions"}],"predecessor-version":[{"id":4013,"href":"https:\/\/baldim.mg.gov.br\/wsite\/index.php?rest_route=\/wp\/v2\/posts\/3990\/revisions\/4013"}],"wp:featuredmedia":[{"embeddable":true,"href":"https:\/\/baldim.mg.gov.br\/wsite\/index.php?rest_route=\/wp\/v2\/media\/3991"}],"wp:attachment":[{"href":"https:\/\/baldim.mg.gov.br\/wsite\/index.php?rest_route=%2Fwp%2Fv2%2Fmedia&parent=3990"}],"wp:term":[{"taxonomy":"category","embeddable":true,"href":"https:\/\/baldim.mg.gov.br\/wsite\/index.php?rest_route=%2Fwp%2Fv2%2Fcategories&post=3990"},{"taxonomy":"post_tag","embeddable":true,"href":"https:\/\/baldim.mg.gov.br\/wsite\/index.php?rest_route=%2Fwp%2Fv2%2Ftags&post=3990"}],"curies":[{"name":"wp","href":"https:\/\/api.w.org\/{rel}","templated":true}]}}