{"id":3938,"date":"2025-09-28T12:19:43","date_gmt":"2025-09-28T12:19:43","guid":{"rendered":"https:\/\/baldim.mg.gov.br\/wsite\/?p=3938"},"modified":"2025-09-30T12:23:08","modified_gmt":"2025-09-30T12:23:08","slug":"entrevista-marlon-barone","status":"publish","type":"post","link":"https:\/\/baldim.mg.gov.br\/wsite\/?p=3938","title":{"rendered":"Entrevista com Marlon Barone"},"content":{"rendered":"\n<p>Logo ap\u00f3s seu show eletrizante na Festa de S\u00e3o Vicente, conversamos com Marlon Barone. Ele comentou sobre a anima\u00e7\u00e3o do p\u00fablico e o que achou do evento. Veja a entrevista completa e sinta essa energia!<\/p>\n\n\n\n<p><a href=\"https:\/\/www.instagram.com\/reel\/DPJ2z1tEWiz\/?utm_source=ig_web_copy_link&amp;igsh=MzRlODBiNWFlZA==\">https:\/\/www.instagram.com\/reel\/DPJ2z1tEWiz\/?utm_source=ig_web_copy_link&amp;igsh=MzRlODBiNWFlZA==<\/a><\/p>\n","protected":false},"excerpt":{"rendered":"<p>Logo ap\u00f3s seu show eletrizante na Festa de S\u00e3o Vicente, conversamos com Marlon Barone. Ele comentou sobre a anima\u00e7\u00e3o do p\u00fablico e o que achou do evento. Veja a entrevista completa e<a class=\"moretag\" href=\"https:\/\/baldim.mg.gov.br\/wsite\/?p=3938\">leia mais<\/a><\/p>\n","protected":false},"author":2,"featured_media":3940,"comment_status":"open","ping_status":"open","sticky":false,"template":"","format":"standard","meta":{"footnotes":""},"categories":[6,25,3],"tags":[],"class_list":["post-3938","post","type-post","status-publish","format-standard","has-post-thumbnail","hentry","category-cultura","category-eventos","category-noticias"],"_links":{"self":[{"href":"https:\/\/baldim.mg.gov.br\/wsite\/index.php?rest_route=\/wp\/v2\/posts\/3938","targetHints":{"allow":["GET"]}}],"collection":[{"href":"https:\/\/baldim.mg.gov.br\/wsite\/index.php?rest_route=\/wp\/v2\/posts"}],"about":[{"href":"https:\/\/baldim.mg.gov.br\/wsite\/index.php?rest_route=\/wp\/v2\/types\/post"}],"author":[{"embeddable":true,"href":"https:\/\/baldim.mg.gov.br\/wsite\/index.php?rest_route=\/wp\/v2\/users\/2"}],"replies":[{"embeddable":true,"href":"https:\/\/baldim.mg.gov.br\/wsite\/index.php?rest_route=%2Fwp%2Fv2%2Fcomments&post=3938"}],"version-history":[{"count":3,"href":"https:\/\/baldim.mg.gov.br\/wsite\/index.php?rest_route=\/wp\/v2\/posts\/3938\/revisions"}],"predecessor-version":[{"id":3942,"href":"https:\/\/baldim.mg.gov.br\/wsite\/index.php?rest_route=\/wp\/v2\/posts\/3938\/revisions\/3942"}],"wp:featuredmedia":[{"embeddable":true,"href":"https:\/\/baldim.mg.gov.br\/wsite\/index.php?rest_route=\/wp\/v2\/media\/3940"}],"wp:attachment":[{"href":"https:\/\/baldim.mg.gov.br\/wsite\/index.php?rest_route=%2Fwp%2Fv2%2Fmedia&parent=3938"}],"wp:term":[{"taxonomy":"category","embeddable":true,"href":"https:\/\/baldim.mg.gov.br\/wsite\/index.php?rest_route=%2Fwp%2Fv2%2Fcategories&post=3938"},{"taxonomy":"post_tag","embeddable":true,"href":"https:\/\/baldim.mg.gov.br\/wsite\/index.php?rest_route=%2Fwp%2Fv2%2Ftags&post=3938"}],"curies":[{"name":"wp","href":"https:\/\/api.w.org\/{rel}","templated":true}]}}