{"id":3474,"date":"2025-07-07T19:10:55","date_gmt":"2025-07-07T19:10:55","guid":{"rendered":"https:\/\/baldim.mg.gov.br\/wsite\/?p=3474"},"modified":"2025-07-08T12:14:24","modified_gmt":"2025-07-08T12:14:24","slug":"declaracao-e-ficha-de-inscricao-garota-doce-2025","status":"publish","type":"post","link":"https:\/\/baldim.mg.gov.br\/wsite\/?p=3474","title":{"rendered":"Declara\u00e7\u00e3o e Ficha de Inscri\u00e7\u00e3o Garota Doce 2025"},"content":{"rendered":"\n<div data-wp-interactive=\"core\/file\" class=\"wp-block-file\"><object data-wp-bind--hidden=\"!state.hasPdfPreview\" hidden class=\"wp-block-file__embed\" data=\"https:\/\/baldim.mg.gov.br\/wsite\/wp-content\/uploads\/2025\/07\/Declaracao-Garota-Doce.pdf\" type=\"application\/pdf\" style=\"width:100%;height:600px\" aria-label=\"Incorporado de Declara\u00e7\u00e3o Garota Doce.\"><\/object><a id=\"wp-block-file--media-c4a8d9a7-0375-4853-929a-8b4bc7d47e93\" href=\"https:\/\/baldim.mg.gov.br\/wsite\/wp-content\/uploads\/2025\/07\/Declaracao-Garota-Doce.pdf\">Declara\u00e7\u00e3o Garota Doce<\/a><a href=\"https:\/\/baldim.mg.gov.br\/wsite\/wp-content\/uploads\/2025\/07\/Declaracao-Garota-Doce.pdf\" class=\"wp-block-file__button wp-element-button\" download aria-describedby=\"wp-block-file--media-c4a8d9a7-0375-4853-929a-8b4bc7d47e93\">Baixar<\/a><\/div>\n\n\n\n<p><\/p>\n","protected":false},"excerpt":{"rendered":"","protected":false},"author":2,"featured_media":0,"comment_status":"open","ping_status":"open","sticky":false,"template":"","format":"standard","meta":{"footnotes":""},"categories":[6,21],"tags":[],"class_list":["post-3474","post","type-post","status-publish","format-standard","hentry","category-cultura","category-chamadas-publicas"],"_links":{"self":[{"href":"https:\/\/baldim.mg.gov.br\/wsite\/index.php?rest_route=\/wp\/v2\/posts\/3474","targetHints":{"allow":["GET"]}}],"collection":[{"href":"https:\/\/baldim.mg.gov.br\/wsite\/index.php?rest_route=\/wp\/v2\/posts"}],"about":[{"href":"https:\/\/baldim.mg.gov.br\/wsite\/index.php?rest_route=\/wp\/v2\/types\/post"}],"author":[{"embeddable":true,"href":"https:\/\/baldim.mg.gov.br\/wsite\/index.php?rest_route=\/wp\/v2\/users\/2"}],"replies":[{"embeddable":true,"href":"https:\/\/baldim.mg.gov.br\/wsite\/index.php?rest_route=%2Fwp%2Fv2%2Fcomments&post=3474"}],"version-history":[{"count":2,"href":"https:\/\/baldim.mg.gov.br\/wsite\/index.php?rest_route=\/wp\/v2\/posts\/3474\/revisions"}],"predecessor-version":[{"id":3493,"href":"https:\/\/baldim.mg.gov.br\/wsite\/index.php?rest_route=\/wp\/v2\/posts\/3474\/revisions\/3493"}],"wp:attachment":[{"href":"https:\/\/baldim.mg.gov.br\/wsite\/index.php?rest_route=%2Fwp%2Fv2%2Fmedia&parent=3474"}],"wp:term":[{"taxonomy":"category","embeddable":true,"href":"https:\/\/baldim.mg.gov.br\/wsite\/index.php?rest_route=%2Fwp%2Fv2%2Fcategories&post=3474"},{"taxonomy":"post_tag","embeddable":true,"href":"https:\/\/baldim.mg.gov.br\/wsite\/index.php?rest_route=%2Fwp%2Fv2%2Ftags&post=3474"}],"curies":[{"name":"wp","href":"https:\/\/api.w.org\/{rel}","templated":true}]}}