{"id":2531,"date":"2025-06-30T18:12:43","date_gmt":"2025-06-30T18:12:43","guid":{"rendered":"https:\/\/baldim.mg.gov.br\/wsite\/?p=2531"},"modified":"2025-06-30T18:12:43","modified_gmt":"2025-06-30T18:12:43","slug":"lei-organica-do-municipio-de-baldim","status":"publish","type":"post","link":"https:\/\/baldim.mg.gov.br\/wsite\/?p=2531","title":{"rendered":"Lei Org\u00e2nica do Munic\u00edpio de Baldim"},"content":{"rendered":"\n<p>A Lei Org\u00e2nica do Munic\u00edpio de Baldim, promulgada em 1990 e atualizada em 2003 pela Ementa 001, \u00e9 o documento fundamental que estabelece os princ\u00edpios e diretrizes para a administra\u00e7\u00e3o municipal. Ela atua como a &#8220;constitui\u00e7\u00e3o&#8221; da cidade, delineando o funcionamento do governo local e os direitos dos cidad\u00e3os.<\/p>\n\n\n\n<p>Esta lei \u00e9 de relev\u00e2ncia crucial para todos os moradores de Baldim e para aqueles interessados na governan\u00e7a municipal. Para acessar a vers\u00e3o completa e atualizada da Lei Org\u00e2nica, clique no link abaixo.<\/p>\n\n\n\n<p>A compreens\u00e3o deste documento \u00e9 fundamental para uma participa\u00e7\u00e3o informada na vida municipal. Qualquer d\u00favida ou necessidade de esclarecimentos adicionais pode ser direcionada \u00e0 administra\u00e7\u00e3o municipal. Aproveite a oportunidade de contribuir para o progresso de Baldim atrav\u00e9s do conhecimento e envolvimento ativo na comunidade.<\/p>\n\n\n\n<div data-wp-interactive=\"core\/file\" class=\"wp-block-file\"><object data-wp-bind--hidden=\"!state.hasPdfPreview\" hidden class=\"wp-block-file__embed\" data=\"https:\/\/baldim.mg.gov.br\/wsite\/wp-content\/uploads\/2025\/06\/Lei-Organica-do-Municipio-de-Baldim.pdf\" type=\"application\/pdf\" style=\"width:100%;height:600px\" aria-label=\"Incorporado de Lei Org\u00e2nica do Munic\u00edpio de Baldim.\"><\/object><a id=\"wp-block-file--media-6a8e296d-f44a-4ed8-9d32-83773d898aba\" href=\"https:\/\/baldim.mg.gov.br\/wsite\/wp-content\/uploads\/2025\/06\/Lei-Organica-do-Municipio-de-Baldim.pdf\">Lei Org\u00e2nica do Munic\u00edpio de Baldim<\/a><a href=\"https:\/\/baldim.mg.gov.br\/wsite\/wp-content\/uploads\/2025\/06\/Lei-Organica-do-Municipio-de-Baldim.pdf\" class=\"wp-block-file__button wp-element-button\" download aria-describedby=\"wp-block-file--media-6a8e296d-f44a-4ed8-9d32-83773d898aba\">Baixar<\/a><\/div>\n","protected":false},"excerpt":{"rendered":"<p>A Lei Org\u00e2nica do Munic\u00edpio de Baldim, promulgada em 1990 e atualizada em 2003 pela Ementa 001, \u00e9 o documento fundamental que estabelece os princ\u00edpios e diretrizes para a administra\u00e7\u00e3o municipal. Ela<a class=\"moretag\" href=\"https:\/\/baldim.mg.gov.br\/wsite\/?p=2531\">leia mais<\/a><\/p>\n","protected":false},"author":2,"featured_media":0,"comment_status":"open","ping_status":"open","sticky":false,"template":"","format":"standard","meta":{"footnotes":""},"categories":[1],"tags":[],"class_list":["post-2531","post","type-post","status-publish","format-standard","hentry","category-uncategorized"],"_links":{"self":[{"href":"https:\/\/baldim.mg.gov.br\/wsite\/index.php?rest_route=\/wp\/v2\/posts\/2531","targetHints":{"allow":["GET"]}}],"collection":[{"href":"https:\/\/baldim.mg.gov.br\/wsite\/index.php?rest_route=\/wp\/v2\/posts"}],"about":[{"href":"https:\/\/baldim.mg.gov.br\/wsite\/index.php?rest_route=\/wp\/v2\/types\/post"}],"author":[{"embeddable":true,"href":"https:\/\/baldim.mg.gov.br\/wsite\/index.php?rest_route=\/wp\/v2\/users\/2"}],"replies":[{"embeddable":true,"href":"https:\/\/baldim.mg.gov.br\/wsite\/index.php?rest_route=%2Fwp%2Fv2%2Fcomments&post=2531"}],"version-history":[{"count":1,"href":"https:\/\/baldim.mg.gov.br\/wsite\/index.php?rest_route=\/wp\/v2\/posts\/2531\/revisions"}],"predecessor-version":[{"id":2533,"href":"https:\/\/baldim.mg.gov.br\/wsite\/index.php?rest_route=\/wp\/v2\/posts\/2531\/revisions\/2533"}],"wp:attachment":[{"href":"https:\/\/baldim.mg.gov.br\/wsite\/index.php?rest_route=%2Fwp%2Fv2%2Fmedia&parent=2531"}],"wp:term":[{"taxonomy":"category","embeddable":true,"href":"https:\/\/baldim.mg.gov.br\/wsite\/index.php?rest_route=%2Fwp%2Fv2%2Fcategories&post=2531"},{"taxonomy":"post_tag","embeddable":true,"href":"https:\/\/baldim.mg.gov.br\/wsite\/index.php?rest_route=%2Fwp%2Fv2%2Ftags&post=2531"}],"curies":[{"name":"wp","href":"https:\/\/api.w.org\/{rel}","templated":true}]}}