{"id":1607,"date":"2021-01-01T18:43:00","date_gmt":"2021-01-01T18:43:00","guid":{"rendered":"https:\/\/baldim.mg.gov.br\/wsite\/?p=1607"},"modified":"2025-06-22T18:52:44","modified_gmt":"2025-06-22T18:52:44","slug":"processo-seletivo-simplificado-edital-no-002-2021","status":"publish","type":"post","link":"https:\/\/baldim.mg.gov.br\/wsite\/?p=1607","title":{"rendered":"PROCESSO SELETIVO SIMPLIFICADO EDITAL N\u00ba 002\/2021"},"content":{"rendered":"\n<p><\/p>\n\n\n\n<p>CONTRATA\u00c7\u00c3O TEMPOR\u00c1RIA DE EXCEPCIONAL INTERESSE P\u00daBLICO.<br>Lei Municipal N: 581\/1997.<\/p>\n\n\n\n<p>O objeto do presente Edital \u00e9 a sele\u00e7\u00e3o de profissionais para prestarem servi\u00e7os \u00e0 Municipalidade e preenchimento dos Cargos de PROFESSOR DE EDUCA\u00c7\u00c3O B\u00c1SICA \u2014 PEB; AUXILIAR DE SERVI\u00c7OS GERAIS E MOTORISTAS.<\/p>\n\n\n\n<div data-wp-interactive=\"core\/file\" class=\"wp-block-file\"><object data-wp-bind--hidden=\"!state.hasPdfPreview\" hidden class=\"wp-block-file__embed\" data=\"https:\/\/baldim.mg.gov.br\/wsite\/wp-content\/uploads\/2025\/06\/processoseletivoeducacao2022-1.pdf\" type=\"application\/pdf\" style=\"width:100%;height:600px\" aria-label=\"Incorporado de processoseletivoeducacao2022 (1).\"><\/object><a id=\"wp-block-file--media-6ed9407c-7306-43b0-a51c-2d05c93502fa\" href=\"https:\/\/baldim.mg.gov.br\/wsite\/wp-content\/uploads\/2025\/06\/processoseletivoeducacao2022-1.pdf\">processoseletivoeducacao2022 (1)<\/a><a href=\"https:\/\/baldim.mg.gov.br\/wsite\/wp-content\/uploads\/2025\/06\/processoseletivoeducacao2022-1.pdf\" class=\"wp-block-file__button wp-element-button\" download aria-describedby=\"wp-block-file--media-6ed9407c-7306-43b0-a51c-2d05c93502fa\">Baixar<\/a><\/div>\n","protected":false},"excerpt":{"rendered":"<p>CONTRATA\u00c7\u00c3O TEMPOR\u00c1RIA DE EXCEPCIONAL INTERESSE P\u00daBLICO.Lei Municipal N: 581\/1997. O objeto do presente Edital \u00e9 a sele\u00e7\u00e3o de profissionais para prestarem servi\u00e7os \u00e0 Municipalidade e preenchimento dos Cargos de PROFESSOR DE EDUCA\u00c7\u00c3O<a class=\"moretag\" href=\"https:\/\/baldim.mg.gov.br\/wsite\/?p=1607\">leia mais<\/a><\/p>\n","protected":false},"author":2,"featured_media":1609,"comment_status":"open","ping_status":"open","sticky":false,"template":"","format":"standard","meta":{"footnotes":""},"categories":[12],"tags":[],"class_list":["post-1607","post","type-post","status-publish","format-standard","has-post-thumbnail","hentry","category-processo-seletivo-educacao-2021"],"_links":{"self":[{"href":"https:\/\/baldim.mg.gov.br\/wsite\/index.php?rest_route=\/wp\/v2\/posts\/1607","targetHints":{"allow":["GET"]}}],"collection":[{"href":"https:\/\/baldim.mg.gov.br\/wsite\/index.php?rest_route=\/wp\/v2\/posts"}],"about":[{"href":"https:\/\/baldim.mg.gov.br\/wsite\/index.php?rest_route=\/wp\/v2\/types\/post"}],"author":[{"embeddable":true,"href":"https:\/\/baldim.mg.gov.br\/wsite\/index.php?rest_route=\/wp\/v2\/users\/2"}],"replies":[{"embeddable":true,"href":"https:\/\/baldim.mg.gov.br\/wsite\/index.php?rest_route=%2Fwp%2Fv2%2Fcomments&post=1607"}],"version-history":[{"count":1,"href":"https:\/\/baldim.mg.gov.br\/wsite\/index.php?rest_route=\/wp\/v2\/posts\/1607\/revisions"}],"predecessor-version":[{"id":1610,"href":"https:\/\/baldim.mg.gov.br\/wsite\/index.php?rest_route=\/wp\/v2\/posts\/1607\/revisions\/1610"}],"wp:featuredmedia":[{"embeddable":true,"href":"https:\/\/baldim.mg.gov.br\/wsite\/index.php?rest_route=\/wp\/v2\/media\/1609"}],"wp:attachment":[{"href":"https:\/\/baldim.mg.gov.br\/wsite\/index.php?rest_route=%2Fwp%2Fv2%2Fmedia&parent=1607"}],"wp:term":[{"taxonomy":"category","embeddable":true,"href":"https:\/\/baldim.mg.gov.br\/wsite\/index.php?rest_route=%2Fwp%2Fv2%2Fcategories&post=1607"},{"taxonomy":"post_tag","embeddable":true,"href":"https:\/\/baldim.mg.gov.br\/wsite\/index.php?rest_route=%2Fwp%2Fv2%2Ftags&post=1607"}],"curies":[{"name":"wp","href":"https:\/\/api.w.org\/{rel}","templated":true}]}}